{"id":9029,"date":"2024-04-16T13:41:22","date_gmt":"2024-04-16T11:41:22","guid":{"rendered":"https:\/\/valencia.consellagrari.com\/anuncio-de-convocatoria-de-subvencion-municipal-emprende-y-cultiva\/"},"modified":"2024-04-25T09:21:19","modified_gmt":"2024-04-25T07:21:19","slug":"anuncio-de-convocatoria-de-subvencion-municipal-emprende-y-cultiva","status":"publish","type":"post","link":"https:\/\/valencia.consellagrari.com\/es\/anuncio\/anuncio-de-convocatoria-de-subvencion-municipal-emprende-y-cultiva\/","title":{"rendered":"Anuncio de convocatoria de \u201cSubvenci\u00f3n municipal Emprende y Cultiva\u201d"},"content":{"rendered":"<p>Con fecha 15 de abril de 2024 ha sido publicada en el Bolet\u00edn Oficial de la Provincia de Val\u00e8ncia (BOP) la\u00a0<b>\u201cConvocatoria de subvenci\u00f3n municipal Emprende y Cultiva\u201d<\/b>\u00a0del Ayuntamiento de Val\u00e8ncia, dirigida a personas f\u00edsicas o jur\u00eddicas, comunidades de bienes, sociedades civiles u otras entidades econ\u00f3micas sin personalidad jur\u00eddica, que cumplan los requisitos establecidos en el apartado 4 de la Bases Reguladoras de la convocatoria.<\/p>\n<p>Esta convocatoria impulsada desde el Servicio de Emprendimiento del Ayuntamiento de Val\u00e8ncia cuenta con un presupuesto de 500.000 \u20ac.<\/p>\n<p>El objeto de estas ayudas\u00a0<b>es estimular y fomentar la actividad emprendedora en el sector de la agricultura y de la ganader\u00eda en el \u00e1mbito territorial de l\u2019Horta de Val\u00e8ncia<\/b>, de acuerdo con la delimitaci\u00f3n geogr\u00e1fica establecida en la Ley 5\/2018, de 6 de marzo, de l\u2019Horta de Val\u00e8ncia.<\/p>\n<p>Se conceder\u00e1 una\u00a0<b>cuant\u00eda m\u00e1xima de 4.000\u202f\u20ac\u00a0<\/b>a las solicitudes que cumplan los requisitos, por orden de presentaci\u00f3n de las solicitudes y hasta agotar el cr\u00e9dito destinado a esta convocatoria. Se subvencionar\u00e1 el 100% del total de los gastos subvencionables justificados, excluidos los impuestos susceptibles de recuperaci\u00f3n hasta el importe m\u00e1ximo indicado.<\/p>\n<p>Se consideran gastos subvencionables los\u00a0<b>gastos corrientes realizados y generadas del 1.\u00ba de enero de 2023 hasta la fecha de presentaci\u00f3n<\/b>, que respondan a la naturaleza y objeto de la actividad subvencionada (<span lang=\"ca-ES\">arrendamiento de tierras, de equipos necesarios para la actividad agraria y ganadera, gastos de personal, primas del seguro agrario o ganadera, gastos de fertilizantes, abonos, gastos de formaci\u00f3n no reglada de car\u00e1cter espec\u00edfico, etc.).<\/span><\/p>\n<p><b>El plazo de presentaci\u00f3n<\/b>\u00a0es de 20 d\u00edas h\u00e1biles desde la publicaci\u00f3n en el BOP.\u00a0<b>Desde el d\u00eda 16 de abril de 2024 hasta el d\u00eda de 6 de mayo de 2024<\/b>. La concesi\u00f3n de ayudas se har\u00e1 en r\u00e9gimen de concurrencia competitiva, y se establece como criterio de valoraci\u00f3n la fecha y hora de entrada que figuran registradas en la solicitud hasta agotar el cr\u00e9dito disponible.<\/p>\n<p>Las solicitudes podr\u00e1n presentarse en la sede electr\u00f3nica del Ayuntamiento de Val\u00e8ncia\u00a0<a href=\"https:\/\/sede.valencia.es\/sede\/registro\/procedimiento\/ae.ie.100\">https:\/\/sede.valencia.es\/sede\/registro\/procedimiento\/ae.ie.100<\/a>. En este enlace se encuentra toda la informaci\u00f3n y las bases de la convocatoria.<\/p>\n<p>Para la\u00a0<b>resoluci\u00f3n de dudas<\/b>, as\u00ed como para recibir informaci\u00f3n, las personas interesadas pueden contactar con el\u00a0<b>Servicio municipal de Emprendimiento en horario de 08:30 -14:00 horas en los tel\u00e9fonos\u00a0<\/b>962 087 671, 962 087 790, 962 087 070<b>\u00a0, o a los correos electr\u00f3nicos: info@valenciactiva.es,\u00a0<a href=\"mailto:emprende@valencia.es\">emprende@valencia.es<\/a>.<\/b><\/p>\n","protected":false},"excerpt":{"rendered":"<p>Con fecha 15 de abril de 2024 ha sido publicada en el Bolet\u00edn Oficial de la Provincia de Val\u00e8ncia (BOP) la\u00a0\u201cConvocatoria de subvenci\u00f3n municipal Emprende y Cultiva\u201d\u00a0del Ayuntamiento de Val\u00e8ncia, dirigida a personas f\u00edsicas o jur\u00eddicas, comunidades de bienes, sociedades civiles u otras entidades econ\u00f3micas sin personalidad jur\u00eddica, que cumplan los requisitos establecidos en el&hellip;<\/p>\n","protected":false},"author":7,"featured_media":0,"comment_status":"closed","ping_status":"closed","sticky":false,"template":"","format":"standard","meta":{"footnotes":""},"categories":[777],"tags":[],"_links":{"self":[{"href":"https:\/\/valencia.consellagrari.com\/es\/wp-json\/wp\/v2\/posts\/9029"}],"collection":[{"href":"https:\/\/valencia.consellagrari.com\/es\/wp-json\/wp\/v2\/posts"}],"about":[{"href":"https:\/\/valencia.consellagrari.com\/es\/wp-json\/wp\/v2\/types\/post"}],"author":[{"embeddable":true,"href":"https:\/\/valencia.consellagrari.com\/es\/wp-json\/wp\/v2\/users\/7"}],"replies":[{"embeddable":true,"href":"https:\/\/valencia.consellagrari.com\/es\/wp-json\/wp\/v2\/comments?post=9029"}],"version-history":[{"count":1,"href":"https:\/\/valencia.consellagrari.com\/es\/wp-json\/wp\/v2\/posts\/9029\/revisions"}],"predecessor-version":[{"id":9034,"href":"https:\/\/valencia.consellagrari.com\/es\/wp-json\/wp\/v2\/posts\/9029\/revisions\/9034"}],"wp:attachment":[{"href":"https:\/\/valencia.consellagrari.com\/es\/wp-json\/wp\/v2\/media?parent=9029"}],"wp:term":[{"taxonomy":"category","embeddable":true,"href":"https:\/\/valencia.consellagrari.com\/es\/wp-json\/wp\/v2\/categories?post=9029"},{"taxonomy":"post_tag","embeddable":true,"href":"https:\/\/valencia.consellagrari.com\/es\/wp-json\/wp\/v2\/tags?post=9029"}],"curies":[{"name":"wp","href":"https:\/\/api.w.org\/{rel}","templated":true}]}}